{"id":663,"date":"2026-04-28T06:58:54","date_gmt":"2026-04-28T04:58:54","guid":{"rendered":"https:\/\/www.schuetzengildeobervellach.com\/?p=663"},"modified":"2026-04-28T07:01:12","modified_gmt":"2026-04-28T05:01:12","slug":"01-05-2026-geschlossen","status":"publish","type":"post","link":"https:\/\/www.schuetzengildeobervellach.com\/?p=663","title":{"rendered":"01.05.2026 &#8211; geschlossen"},"content":{"rendered":"\n<p>ACHTUNG &#8211; Die Schie\u00dfst\u00e4tte bleibt am 01. Mai geschlossen! Sch\u00f6nen Feiertag und Sch\u00fctzenheil!<\/p>\n","protected":false},"excerpt":{"rendered":"<p>ACHTUNG &#8211; Die Schie\u00dfst\u00e4tte bleibt am 01. Mai geschlossen! Sch\u00f6nen Feiertag und Sch\u00fctzenheil!<\/p>\n","protected":false},"author":1,"featured_media":0,"comment_status":"open","ping_status":"open","sticky":true,"template":"","format":"standard","meta":{"spay_email":""},"categories":[1],"tags":[],"jetpack_featured_media_url":"","_links":{"self":[{"href":"https:\/\/www.schuetzengildeobervellach.com\/index.php?rest_route=\/wp\/v2\/posts\/663"}],"collection":[{"href":"https:\/\/www.schuetzengildeobervellach.com\/index.php?rest_route=\/wp\/v2\/posts"}],"about":[{"href":"https:\/\/www.schuetzengildeobervellach.com\/index.php?rest_route=\/wp\/v2\/types\/post"}],"author":[{"embeddable":true,"href":"https:\/\/www.schuetzengildeobervellach.com\/index.php?rest_route=\/wp\/v2\/users\/1"}],"replies":[{"embeddable":true,"href":"https:\/\/www.schuetzengildeobervellach.com\/index.php?rest_route=%2Fwp%2Fv2%2Fcomments&post=663"}],"version-history":[{"count":2,"href":"https:\/\/www.schuetzengildeobervellach.com\/index.php?rest_route=\/wp\/v2\/posts\/663\/revisions"}],"predecessor-version":[{"id":665,"href":"https:\/\/www.schuetzengildeobervellach.com\/index.php?rest_route=\/wp\/v2\/posts\/663\/revisions\/665"}],"wp:attachment":[{"href":"https:\/\/www.schuetzengildeobervellach.com\/index.php?rest_route=%2Fwp%2Fv2%2Fmedia&parent=663"}],"wp:term":[{"taxonomy":"category","embeddable":true,"href":"https:\/\/www.schuetzengildeobervellach.com\/index.php?rest_route=%2Fwp%2Fv2%2Fcategories&post=663"},{"taxonomy":"post_tag","embeddable":true,"href":"https:\/\/www.schuetzengildeobervellach.com\/index.php?rest_route=%2Fwp%2Fv2%2Ftags&post=663"}],"curies":[{"name":"wp","href":"https:\/\/api.w.org\/{rel}","templated":true}]}}