{"id":653,"date":"2026-01-07T09:51:31","date_gmt":"2026-01-07T08:51:31","guid":{"rendered":"https:\/\/www.schuetzengildeobervellach.com\/?p=653"},"modified":"2026-01-07T09:53:39","modified_gmt":"2026-01-07T08:53:39","slug":"hegeringschiessen-2026","status":"publish","type":"post","link":"https:\/\/www.schuetzengildeobervellach.com\/?p=653","title":{"rendered":"HEGERINGSCHIESSEN 2026"},"content":{"rendered":"\n<p class=\"has-vivid-red-color has-text-color\"><strong>ACHTUNG, die Schie\u00dfst\u00e4tte ist <strong>an den Samstagen<\/strong><\/strong> <strong>vom 21.03. bis  02.05. f\u00fcr die Hegeringschie\u00dfen reserviert ist. Daher findet kein regul\u00e4rer Schie\u00dfbetrieb statt!<\/strong><br>     <br><strong>Wir danken f\u00fcr ihr Verst\u00e4ndnis.<\/strong><\/p>\n\n\n\n<figure class=\"wp-block-image size-full\"><img decoding=\"async\" loading=\"lazy\" width=\"800\" height=\"672\" src=\"https:\/\/i1.wp.com\/www.schuetzengildeobervellach.com\/wp-content\/uploads\/2026\/01\/Hegeringschiessen_2026_Homepage.png?resize=800%2C672&#038;ssl=1\" alt=\"\" class=\"wp-image-654\" srcset=\"https:\/\/i1.wp.com\/www.schuetzengildeobervellach.com\/wp-content\/uploads\/2026\/01\/Hegeringschiessen_2026_Homepage.png?w=909&amp;ssl=1 909w, https:\/\/i1.wp.com\/www.schuetzengildeobervellach.com\/wp-content\/uploads\/2026\/01\/Hegeringschiessen_2026_Homepage.png?resize=300%2C252&amp;ssl=1 300w, https:\/\/i1.wp.com\/www.schuetzengildeobervellach.com\/wp-content\/uploads\/2026\/01\/Hegeringschiessen_2026_Homepage.png?resize=150%2C126&amp;ssl=1 150w, https:\/\/i1.wp.com\/www.schuetzengildeobervellach.com\/wp-content\/uploads\/2026\/01\/Hegeringschiessen_2026_Homepage.png?resize=768%2C645&amp;ssl=1 768w\" sizes=\"(max-width: 800px) 100vw, 800px\" data-recalc-dims=\"1\" \/><\/figure>\n","protected":false},"excerpt":{"rendered":"<p>ACHTUNG, die Schie\u00dfst\u00e4tte ist an den Samstagen vom 21.03. bis 02.05. f\u00fcr die Hegeringschie\u00dfen reserviert ist. Daher findet kein regul\u00e4rer<\/p>\n","protected":false},"author":1,"featured_media":0,"comment_status":"open","ping_status":"open","sticky":true,"template":"","format":"standard","meta":{"spay_email":""},"categories":[1],"tags":[],"jetpack_featured_media_url":"","_links":{"self":[{"href":"https:\/\/www.schuetzengildeobervellach.com\/index.php?rest_route=\/wp\/v2\/posts\/653"}],"collection":[{"href":"https:\/\/www.schuetzengildeobervellach.com\/index.php?rest_route=\/wp\/v2\/posts"}],"about":[{"href":"https:\/\/www.schuetzengildeobervellach.com\/index.php?rest_route=\/wp\/v2\/types\/post"}],"author":[{"embeddable":true,"href":"https:\/\/www.schuetzengildeobervellach.com\/index.php?rest_route=\/wp\/v2\/users\/1"}],"replies":[{"embeddable":true,"href":"https:\/\/www.schuetzengildeobervellach.com\/index.php?rest_route=%2Fwp%2Fv2%2Fcomments&post=653"}],"version-history":[{"count":2,"href":"https:\/\/www.schuetzengildeobervellach.com\/index.php?rest_route=\/wp\/v2\/posts\/653\/revisions"}],"predecessor-version":[{"id":656,"href":"https:\/\/www.schuetzengildeobervellach.com\/index.php?rest_route=\/wp\/v2\/posts\/653\/revisions\/656"}],"wp:attachment":[{"href":"https:\/\/www.schuetzengildeobervellach.com\/index.php?rest_route=%2Fwp%2Fv2%2Fmedia&parent=653"}],"wp:term":[{"taxonomy":"category","embeddable":true,"href":"https:\/\/www.schuetzengildeobervellach.com\/index.php?rest_route=%2Fwp%2Fv2%2Fcategories&post=653"},{"taxonomy":"post_tag","embeddable":true,"href":"https:\/\/www.schuetzengildeobervellach.com\/index.php?rest_route=%2Fwp%2Fv2%2Ftags&post=653"}],"curies":[{"name":"wp","href":"https:\/\/api.w.org\/{rel}","templated":true}]}}